{"id":128682,"date":"2019-10-02T02:29:57","date_gmt":"2019-10-02T00:29:57","guid":{"rendered":"https:\/\/prenzlberger-stimme.net\/?p=128682"},"modified":"2021-02-04T13:53:52","modified_gmt":"2021-02-04T12:53:52","slug":"fuer-eine-menschenwuerdige-situation-sorgen","status":"publish","type":"post","link":"https:\/\/prenzlberger-stimme.net\/?p=128682","title":{"rendered":"&#8222;F\u00fcr eine menschenw\u00fcrdige Situation sorgen&#8220;"},"content":{"rendered":"<p><img loading=\"lazy\" decoding=\"async\" src=\"https:\/\/prenzlberger-stimme.net\/wp-content\/uploads\/2019\/10\/pankow1.jpg\" alt=\"\" width=\"670\" height=\"405\" class=\"alignleft size-full wp-image-128683\" srcset=\"https:\/\/prenzlberger-stimme.net\/wp-content\/uploads\/2019\/10\/pankow1.jpg 670w, https:\/\/prenzlberger-stimme.net\/wp-content\/uploads\/2019\/10\/pankow1-300x181.jpg 300w, https:\/\/prenzlberger-stimme.net\/wp-content\/uploads\/2019\/10\/pankow1-100x60.jpg 100w\" sizes=\"auto, (max-width: 670px) 100vw, 670px\" \/><br \/>\n <\/p>\n<p>&nbsp;<\/p>\n<p>Wie schlimm ist die Situation am Bahnhof Pankow und auf dem Garbatyplatz tats\u00e4chlich? Und was ist zu tun?<br \/>\nAls sich im Fr\u00fchjahr dieses Jahres ein von den Abgeordneten Stephan Lenz (CDU\/Abgeordnetenhaus), Andreas Otto (Gr\u00fcne\/Abgeordnetenhaus) und Stefan Gelbhaar (Gr\u00fcne\/Bundestag) <a href=\"https:\/\/prenzlberger-stimme.net\/?p=126973\">initiierter \u201eRunder Tisch\u201c mit gewerbetreibenden Anrainern, Polizei, Ordnungsamt,BVG und S-Bahn dies er\u00f6rterte<\/a>, kam man am Ende des Zusammentreffens zu folgendem Ergebnis:<br \/>\nSowohl der Bahnhof, als auch der Garbatyplatz sind keine unsicheren Orte. <\/p>\n<p>\u00c4rger gab es zuweilen mit deutschen Jugendlichen, die dort an bestimmten Tagen \u201evorgl\u00fchten\u201c und ddanach mehr oder wen\u00edger heftig randalierten. Als unertr\u00e4glich wurde die \u201eNutzung\u201c der Fahrradabstellanlagen als Toiletten eingesch\u00e4tzt.<\/p>\n<p>Unsicherheit verbreitete der Anblick offensichtlich obdachloser Menschen, die dem Anschein  nicht aus Deutschland kommen. Aber woher genau? Und was wollen sie hier? Kann man ihnen irgendwie helfen? Vielleicht mit einem Streetworker-Angebot?<br \/>\n&nbsp;<\/p>\n<h4><strong>Kommunikationsproblem zwischen Bezirksamt und Rundem Tisch<\/strong><\/h4>\n<p>Was die Teilnehmer des Runden Tisches nicht wussten: Bereits seit Oktober 2018  bietet der Tr\u00e4ger &#8222;Horizonte &#8211; f\u00fcr Familien &#8211; gGmbH&#8220; im Auftrag des Bezirksamtes Stra\u00dfensozialarbeit in Form einer Erstberatung f\u00fcr Obdachlose an. Der Tr\u00e4ger ist in ganz Pankow t\u00e4tig; Schwerpunktgebiete sind unter anderem der S- und U-Bahnhof Pankow, der Bereich der Sch\u00f6nhauser Allee unter dem Magistratsschirm und der Mauerpark. <\/p>\n<p>Unklar, warum Pankows Sozialstadtr\u00e4tin Rona Tietje (SPD), die im Fr\u00fchjahr eingeladen war, aber wegen einer zeitgleichen Ausschusssitzung absagte, diese nicht unwesentliche Nachricht dem Runden Tisch vorenthalten hatte. All das, was nun bei der zweiten Zusammenkunft des Runden Tisches er\u00f6rtert wurde, h\u00e4tte so bereits im  M\u00e4rz besprochen und sicher manches auch schon umgesetzt werden k\u00f6nnen.<\/p>\n<p>&nbsp;<\/p>\n<h4>Treffpunkt  haupts\u00e4chlich rum\u00e4nischer Obdachloser<\/h4>\n<p>Nun aber gibt Dana Saky, einer der Sozialarbeiter von \u201eHorizonte\u201c, erst einmal Bericht \u00fcber seine Erfahrungen am Bahnhof: Die Mehrzahl der dort sich einstellenden Menschen sind Rum\u00e4nen, etwa 40 am der Zahl.  Daneben tauchen dort regelm\u00e4\u00dfig einige deutsche Obdachlose auf, die schon l\u00e4nger auf der Stra\u00dfe leben, sowie Sinti und Roma aus Bulgarien, Rum\u00e4nien und der T\u00fcrkei.<\/p>\n<p>Gravierende Probleme gebe es mit diesen Menschen nicht, sagt der Sozialarbeiter.  Falls es doch einmal zu Ungelegenheiten komme, habe man bei den am Garbatyplatz ans\u00e4ssigen Handelseinrichtungen eine Telefonnummer hinterlegt,mit denen die Sozialarbeiter gerufen werden k\u00f6nnen, um etwaige Konflikte zu kl\u00e4ren. <\/p>\n<p>&nbsp;<\/p>\n<h4><strong>Kein &#8222;Hotspot&#8220; &#8211; sinkende Kriminalit\u00e4tsrate<\/strong><\/h4>\n<p>Hanno Becker vom Polizeiabschnitt 13 best\u00e4tigt die Einsch\u00e4tzung des Sozialarbeiters. Es gebe nicht nur keine \u201eNegnativtendenzen\u201c &#8211; die Kriminalit\u00e4t sei in der vergangenen Zeit  sogar zur\u00fcckgegangen. Ladendiebst\u00e4hle seien r\u00fcckl\u00e4ufig und auch die L\u00e4rmbel\u00e4stigungen \u00fcberschreiten nur selten die Grenze  zum Strafbaren.  Selbst Fahrraddiebst\u00e4hle werden neuerdings weniger angezeigt \u2013 was wohl auf die seit dem ersten Runden Tisch \u00f6fter am Garbatyplatz Station machende \u201eMobile Wache\u201c zur\u00fcckzuf\u00fchren sei.<br \/>\nInsgesamt, so Becker, sei der Bahnhof &#8211; gemessen an den zehntausenden Menschen die ihn Tag f\u00fcr Tag passieren &#8211; kein krimineller \u201eHotspot\u201c.  <\/p>\n<p>\u00c4hnlich sieht es auch die Mitarbeiterin des am Garbatyplatz beheimateten dm-Marktes \u2013 auch wenn sie den Grund nicht zuletzt auf die Anwesenheit der von den Gesch\u00e4ftsanliegern angeheuerte Security-Firma zur\u00fcckf\u00fchrt.<br \/>\nFr\u00fcher h\u00e4tten einige von den Osteurop\u00e4ern Brennspiritus gekauft \u2013 als man bemerkte, dass das Zeug getrunken wurde, habe man das unterbunden. \u201eIch glaube, die leben heute schon nicht mehr.\u201c<br \/>\n&nbsp;<\/p>\n<h4><strong>Treffpunkt f\u00fcr rum\u00e4nische Wanderarbeiter<\/strong><\/h4>\n<p>Warum nun aber sich die Menschen gerade am Bahnhof Pankow treffen? \u201eDer Bahnhof Pankow ist das Tor zu Europa\u201c, sagt  Dana Saky, was  etwas pathetisch klingt.<br \/>\n Doch offenbar ist der Bahnhof so etwas wie eine Anlaufstelle f\u00fcr rum\u00e4nische Wanderarbeiter. Die w\u00fcrden vor allem in den Sommermonaten von Bauunternehmen f\u00fcr Hilfsarbeiten  schwarz  angeheuert und bek\u00e4men  in dieser Zeit wohl auch eine Unterkunft bei den Unternehmen. Werden sie nicht mehr gebraucht, st\u00fcnden sie buchst\u00e4blich wieder auf der Stra\u00dfe. <\/p>\n<p>Das sei besonders im Winter schlimm, denn die Rum\u00e4nen haben zwar als EU-B\u00fcrger das Recht, sich in Deutschland aufzuhalten und hier zu arbeiten \u2013 aber kein Recht auf Inanspruchnahme der deutschen Sozialsysteme. Und dazu z\u00e4hlen eben auch die Hilfsma\u00dfnahmen, die f\u00fcr Obdachlose gelten.<br \/>\nAusnahme ist die Berliner K\u00e4ltehilfe, die jedem ein Bett und ein Essen garantiert \u2013 allerdings scheuen die Rum\u00e4nen diese Sammelunterk\u00fcnfte und versuchen sich irgendwie anders zu behelfen \u2013 immer hoffend, vielleicht doch noch irgend einen Hilfsjob samt Bleibe zu bekommen. <\/p>\n<p>Eigentlich eine gruselige Vorstellung: Diejenigen, die mit Knochenjobs ein paar Euro damit verdienen, teure Wohnungen zu profitablen Bedingungen f\u00fcr irgendwelche  Unternehmen zu errichten, finden f\u00fcr sich selbst nicht mal ein Zimmer mit einem Bett.<br \/>\n&nbsp;<\/p>\n<h4> <strong>M\u00f6glichkeiten f\u00fcr eine Unterkunft finden<\/strong><\/h4>\n<p>Was also tun? Ihnen helfen, f\u00fcr die arbeitsarme Winterzeit zur\u00fcck nach Rum\u00e4nien zu gelangen?  Dana Saky winkt ab: Die meisten der hier gestrandeten Rum\u00e4nen haben keine Papiere mehr. Ein Versuch, sich einen neuen Pass von der rum\u00e4nischen Botschaft ausstellen zu lassen sei sinnlos: Die  Botschaft der Republik Rum\u00e4nien in Deutschland sei praktisch nicht arbeitsf\u00e4hig. Antr\u00e4ge w\u00fcrden dort ein Jahr und l\u00e4nger schmoren, ohne dass sich etwas bewege.<br \/>\n Die Menschen irgendwie verdr\u00e4ngen, dorthin wo sie weniger auffallen, will niemand aus der Runde. <\/p>\n<p>Er halte die Regelung, dass EU-B\u00fcrger nicht an den deutschen Sozialsystemen partizipieren, grunds\u00e4tzlich f\u00fcr richtig, sagt der CDU-Abgeordnete Stephan Lenz. Dennoch &#8222;m\u00fcssen wir f\u00fcr eine menschenw\u00fcrdige Situation sorgen.\u201c<br \/>\nZum Beispiel eine M\u00f6glichkeit finden, dass die Menschen  trotz des Ausschlusses von den sozialen Sicherungen deutscher B\u00fcrger eine Unterkunft finden. Herauszufinden, wie  das zu bewerkstelligen sein, w\u00e4re eine Aufgabe f\u00fcr die kommenden Wochen. <\/p>\n<p>Anderes wird unmittelbar erfolgen: Die Verteilung von Hygieneartikel zum Beispiel und die Bestellung von Duschmobilen f\u00fcr M\u00e4nner und Frauen &#8211; organisiert  von &#8222;Horizonte&#8220;.<br \/>\n&nbsp;<\/p>\n<h4><strong>Dringend vonn\u00f6ten: Eine kostenfreie Toilette<\/strong><\/h4>\n<p>Bleibt ein weiteres gro\u00dfes Problem offen: Der \u201eMissbrauch\u201c der Fahrradabstellanlagen am Bahnhof als \u201eErsatztoilette\u201c.<br \/>\nWenn die anliegenden Gastst\u00e4tten und Caf\u00e9s den Obdachlosen vom Bahnhof den Zutritt zu ihren Toiletten verwehren \u2013 wo sollen sie sich dann erleichtern?<br \/>\nEin Dixi-Klo aufstellen? S-Bahn-Sicherheitschef J\u00f6rk Pruss hatte beim ersten Runden Tisch halb im Scherz den Prospekt einer Trockentoilette in die Runde gereicht. <\/p>\n<p>Naheliegend w\u00e4re aber eigentlich etwas ganz anderes.<\/p>\n<p>Vor fast genau einem Jahr brachte die SPD-Fraktion in der Pankower Bezirksverordnetenversammlung <a href=\"https:\/\/prenzlberger-stimme.net\/?p=122541\">einen Antrag ein<\/a>, in dem das Bezirksamt \u201eersucht\u201c wurde, <\/p>\n<blockquote><p>&#8222;sich daf\u00fcr einzusetzen, dass im Bereich der Bahnh\u00f6fe Eberswalder Stra\u00dfe und Sch\u00f6nhauser Allee und am S+U Bhf Pankow Pissoirs zum Beispiel gem\u00e4\u00df dem Vorbild am Hamburger Hauptbahnhof als Pilotprojekt aufgestellt werden, und sich dazu mit den Berliner Wasserbetrieben, der BVG und weiteren Akteurinnen und Akteuren abzustimmen.\u201c<\/p><\/blockquote>\n<p>Der Antrag wurde in zwei Aussch\u00fcssen beraten und schlie\u00dflich im auf der BVV-Tagung im M\u00e4rz einstimmig angenommen. Im August teilte Bezirksstadtrat Vollrad Kuhn den Bezirksverordneten in einem \u201e1. Zwischenbericht\u201c in 573 W\u00f6rtern mit, warum das Ansinnen der Bezirksverordneten<a href=\"https:\/\/prenzlberger-stimme.net\/?p=128401\"> h\u00f6chstwahrscheinlich unter Umst\u00e4nden vielleicht nicht oder nicht ganz einfach umzusetzen sei<\/a>.<br \/>\n&nbsp;<\/p>\n<h4> <strong>Abegordnete, S-Bahn und BVG wollen Bezirksamt mit ins (Toiletten)Boot holen<\/strong><\/h4>\n<p>\u00c4hnlich erging es einem Antrag der CDU-Fraktion, in dem das Bezirksamt gebeten wurde, sogenannte wasserlose \u201eEco-Toiletten\u201c an bestimmten Orten aufzustellen. Der wurde von der Bezirksverordneten im Februar ebenfalls einstimmig beschlossen und ebenfalls im August mit \u00e4hnlicher Bedenkenvielfalt auf Halde gelegt.<\/p>\n<p>Dass der Bezirksstadtrat die Vorg\u00e4nge nun wieder aus dem Archiv holen muss, erscheint mehr als wahrscheinlich. Denn sowohl die beim Runden Tisch vertretenen Abgeordneten von Bundestag und Abgeordnetenhaus, als auch die Vertreter von S-Bahn und BVG, wollen mit dem Bezirksamt dringend dar\u00fcber sprechen, wie man am Garbatyplatz schnell und mit einfachen Mitteln eine kostenfrei nutzbare Toilette installieren kann.<\/p>\n<p>Polizei-Vertreter Hanno Becker ist \u00fcbrigens von der Wirkung einer solchen Toilette \u00fcberzeugt: In einem Einsatzgebiet in Reinickendorf stand man vor einiger Zeit vor einem \u00e4hnlichen  Kot- und Urinproblem. Das Aufstellen einer Toilette hatte das Problem umgehend gel\u00f6st.<br \/>\n <\/p>\n<p>&nbsp;<\/p>\n<p><img loading=\"lazy\" decoding=\"async\" src=\"https:\/\/prenzlberger-stimme.net\/wp-content\/uploads\/2019\/10\/pankow2.jpg\" alt=\"\" width=\"670\" height=\"449\" class=\"alignleft size-full wp-image-128690\" srcset=\"https:\/\/prenzlberger-stimme.net\/wp-content\/uploads\/2019\/10\/pankow2.jpg 670w, https:\/\/prenzlberger-stimme.net\/wp-content\/uploads\/2019\/10\/pankow2-300x201.jpg 300w\" sizes=\"auto, (max-width: 670px) 100vw, 670px\" \/><br \/>\n <\/p>\n<p>&nbsp;<\/p>\n<h3><span style=\"color: #800000;\"><strong>Weitere Artikel zum Thema:<\/strong><\/span><\/h3>\n<p>&nbsp;<\/p>\n<h3><a href=\"https:\/\/www.prenzlberger-stimme.net\/?p=126973 \">Problemzone Bahnhof Pankow\/Garbatyplatz. Versuch einer L\u00f6sung<\/a><\/h3>\n<p> <\/p>\n<p>&nbsp;<\/p>\n","protected":false},"excerpt":{"rendered":"<p>&nbsp; Wie schlimm ist die Situation am Bahnhof Pankow und auf dem Garbatyplatz tats\u00e4chlich? Und was ist zu tun? Als sich im Fr\u00fchjahr dieses Jahres ein von den Abgeordneten Stephan Lenz (CDU\/Abgeordnetenhaus), Andreas Otto (Gr\u00fcne\/Abgeordnetenhaus) und Stefan Gelbhaar (Gr\u00fcne\/Bundestag) initiierter \u201eRunder Tisch\u201c mit gewerbetreibenden Anrainern, Polizei, Ordnungsamt,BVG und S-Bahn dies er\u00f6rterte, kam man am Ende [&hellip;]<\/p>\n","protected":false},"author":1,"featured_media":128683,"comment_status":"open","ping_status":"open","sticky":false,"template":"","format":"standard","meta":{"_monsterinsights_skip_tracking":false,"ngg_post_thumbnail":0,"footnotes":""},"categories":[533],"tags":[901,4607,4841,4609,4840,1833,95,622,1886,922,1689,623],"class_list":["post-128682","post","type-post","status-publish","format-standard","has-post-thumbnail","hentry","category-soziales","tag-andreas-otto","tag-baahnhof","tag-dana","tag-franziskaner","tag-horizonte","tag-obdachlose","tag-pankow","tag-polizei","tag-stefan-gelbhaar","tag-stephan-lenz","tag-top","tag-trinker"],"aioseo_notices":[],"aioseo_head":"\n\t\t<!-- All in One SEO 4.9.10 - aioseo.com -->\n\t<meta name=\"robots\" content=\"max-image-preview:large\" \/>\n\t<meta name=\"author\" content=\"von ODK\"\/>\n\t<meta name=\"keywords\" content=\"pankow,baahnhof,obdachlose,trinker,stephan lenz,stefan gelbhaar,andreas otto,polizei,ordnungsamt,burkowski,horizonte,dana,,franziskaner,,top,andreas otto,baahnhof,dana,franziskaner,horizonte,obdachlose,pankow,polizei,stefan gelbhaar,stephan lenz,top,trinker,soziales\" \/>\n\t<link rel=\"canonical\" href=\"https:\/\/prenzlberger-stimme.net\/?p=128682\" \/>\n\t<meta name=\"generator\" content=\"All in One SEO (AIOSEO) 4.9.10\" \/>\n\t\t<meta property=\"og:locale\" content=\"de_DE\" \/>\n\t\t<meta property=\"og:site_name\" content=\"Prenzlberger Stimme\" \/>\n\t\t<meta property=\"og:type\" content=\"article\" \/>\n\t\t<meta property=\"og:title\" content=\"&quot;F\u00fcr eine menschenw\u00fcrdige Situation sorgen&quot; | Prenzlberger Stimme\" \/>\n\t\t<meta property=\"og:url\" content=\"https:\/\/prenzlberger-stimme.net\/?p=128682\" \/>\n\t\t<meta property=\"fb:app_id\" content=\"255323154562210\" \/>\n\t\t<meta property=\"fb:admins\" content=\"142414469105895\" \/>\n\t\t<meta property=\"og:image\" content=\"https:\/\/prenzlberger-stimme.net\/wp-content\/uploads\/2024\/01\/standard.jpg\" \/>\n\t\t<meta property=\"og:image:secure_url\" content=\"https:\/\/prenzlberger-stimme.net\/wp-content\/uploads\/2024\/01\/standard.jpg\" \/>\n\t\t<meta property=\"og:image:width\" content=\"353\" \/>\n\t\t<meta property=\"og:image:height\" content=\"237\" \/>\n\t\t<meta property=\"article:published_time\" content=\"2019-10-02T00:29:57+00:00\" \/>\n\t\t<meta property=\"article:modified_time\" content=\"2021-02-04T12:53:52+00:00\" \/>\n\t\t<meta property=\"article:publisher\" content=\"https:\/\/www.facebook.com\/prenzlstimme\/\" \/>\n\t\t<meta name=\"twitter:card\" content=\"summary_large_image\" \/>\n\t\t<meta name=\"twitter:site\" content=\"@PrenzlStimme\" \/>\n\t\t<meta name=\"twitter:title\" content=\"&quot;F\u00fcr eine menschenw\u00fcrdige Situation sorgen&quot; | Prenzlberger Stimme\" \/>\n\t\t<meta name=\"twitter:creator\" content=\"@PrenzlStimme\" \/>\n\t\t<meta name=\"twitter:image\" content=\"https:\/\/prenzlberger-stimme.net\/wp-content\/uploads\/2024\/01\/standard.jpg\" \/>\n\t\t<script type=\"application\/ld+json\" class=\"aioseo-schema\">\n\t\t\t{\"@context\":\"https:\\\/\\\/schema.org\",\"@graph\":[{\"@type\":\"Article\",\"@id\":\"https:\\\/\\\/prenzlberger-stimme.net\\\/?p=128682#article\",\"name\":\"\\\"F\\u00fcr eine menschenw\\u00fcrdige Situation sorgen\\\" | Prenzlberger Stimme\",\"headline\":\"&#8222;F\\u00fcr eine menschenw\\u00fcrdige Situation sorgen&#8220;\",\"author\":{\"@id\":\"https:\\\/\\\/prenzlberger-stimme.net\\\/?author=1#author\"},\"publisher\":{\"@id\":\"https:\\\/\\\/prenzlberger-stimme.net\\\/#organization\"},\"image\":{\"@type\":\"ImageObject\",\"url\":\"https:\\\/\\\/prenzlberger-stimme.net\\\/wp-content\\\/uploads\\\/2019\\\/10\\\/pankow1.jpg\",\"width\":670,\"height\":405},\"datePublished\":\"2019-10-02T02:29:57+02:00\",\"dateModified\":\"2021-02-04T13:53:52+01:00\",\"inLanguage\":\"de-DE\",\"commentCount\":2,\"mainEntityOfPage\":{\"@id\":\"https:\\\/\\\/prenzlberger-stimme.net\\\/?p=128682#webpage\"},\"isPartOf\":{\"@id\":\"https:\\\/\\\/prenzlberger-stimme.net\\\/?p=128682#webpage\"},\"articleSection\":\"Soziales, Andreas Otto, Baahnhof, dana, Franziskaner, horizonte, Obdachlose, pankow, Polizei, Stefan Gelbhaar, Stephan Lenz, top, Trinker\"},{\"@type\":\"BreadcrumbList\",\"@id\":\"https:\\\/\\\/prenzlberger-stimme.net\\\/?p=128682#breadcrumblist\",\"itemListElement\":[{\"@type\":\"ListItem\",\"@id\":\"https:\\\/\\\/prenzlberger-stimme.net#listItem\",\"position\":1,\"name\":\"Home\",\"item\":\"https:\\\/\\\/prenzlberger-stimme.net\",\"nextItem\":{\"@type\":\"ListItem\",\"@id\":\"https:\\\/\\\/prenzlberger-stimme.net\\\/?cat=533#listItem\",\"name\":\"Soziales\"}},{\"@type\":\"ListItem\",\"@id\":\"https:\\\/\\\/prenzlberger-stimme.net\\\/?cat=533#listItem\",\"position\":2,\"name\":\"Soziales\",\"item\":\"https:\\\/\\\/prenzlberger-stimme.net\\\/?cat=533\",\"nextItem\":{\"@type\":\"ListItem\",\"@id\":\"https:\\\/\\\/prenzlberger-stimme.net\\\/?p=128682#listItem\",\"name\":\"&#8222;F\\u00fcr eine menschenw\\u00fcrdige Situation sorgen&#8220;\"},\"previousItem\":{\"@type\":\"ListItem\",\"@id\":\"https:\\\/\\\/prenzlberger-stimme.net#listItem\",\"name\":\"Home\"}},{\"@type\":\"ListItem\",\"@id\":\"https:\\\/\\\/prenzlberger-stimme.net\\\/?p=128682#listItem\",\"position\":3,\"name\":\"&#8222;F\\u00fcr eine menschenw\\u00fcrdige Situation sorgen&#8220;\",\"previousItem\":{\"@type\":\"ListItem\",\"@id\":\"https:\\\/\\\/prenzlberger-stimme.net\\\/?cat=533#listItem\",\"name\":\"Soziales\"}}]},{\"@type\":\"Organization\",\"@id\":\"https:\\\/\\\/prenzlberger-stimme.net\\\/#organization\",\"name\":\"Prenzlberger Stimme\",\"description\":\"Nachrichten und Meinungen aus Prenzlauer Berg\",\"url\":\"https:\\\/\\\/prenzlberger-stimme.net\\\/\",\"logo\":{\"@type\":\"ImageObject\",\"url\":\"https:\\\/\\\/prenzlberger-stimme.net\\\/wp-content\\\/uploads\\\/2024\\\/01\\\/logo1.jpg\",\"@id\":\"https:\\\/\\\/prenzlberger-stimme.net\\\/?p=128682\\\/#organizationLogo\",\"width\":781,\"height\":444},\"image\":{\"@id\":\"https:\\\/\\\/prenzlberger-stimme.net\\\/?p=128682\\\/#organizationLogo\"},\"sameAs\":[\"https:\\\/\\\/twitter.com\\\/PrenzlStimme\"]},{\"@type\":\"Person\",\"@id\":\"https:\\\/\\\/prenzlberger-stimme.net\\\/?author=1#author\",\"url\":\"https:\\\/\\\/prenzlberger-stimme.net\\\/?author=1\",\"name\":\"von ODK\",\"image\":{\"@type\":\"ImageObject\",\"@id\":\"https:\\\/\\\/prenzlberger-stimme.net\\\/?p=128682#authorImage\",\"url\":\"https:\\\/\\\/secure.gravatar.com\\\/avatar\\\/d59ba9689df7ab471907727acebd5c918a4a6cf9f6f448d5f4642b1c43e8a94d?s=96&r=x\",\"width\":96,\"height\":96,\"caption\":\"von ODK\"}},{\"@type\":\"WebPage\",\"@id\":\"https:\\\/\\\/prenzlberger-stimme.net\\\/?p=128682#webpage\",\"url\":\"https:\\\/\\\/prenzlberger-stimme.net\\\/?p=128682\",\"name\":\"\\\"F\\u00fcr eine menschenw\\u00fcrdige Situation sorgen\\\" | Prenzlberger Stimme\",\"inLanguage\":\"de-DE\",\"isPartOf\":{\"@id\":\"https:\\\/\\\/prenzlberger-stimme.net\\\/#website\"},\"breadcrumb\":{\"@id\":\"https:\\\/\\\/prenzlberger-stimme.net\\\/?p=128682#breadcrumblist\"},\"author\":{\"@id\":\"https:\\\/\\\/prenzlberger-stimme.net\\\/?author=1#author\"},\"creator\":{\"@id\":\"https:\\\/\\\/prenzlberger-stimme.net\\\/?author=1#author\"},\"image\":{\"@type\":\"ImageObject\",\"url\":\"https:\\\/\\\/prenzlberger-stimme.net\\\/wp-content\\\/uploads\\\/2019\\\/10\\\/pankow1.jpg\",\"@id\":\"https:\\\/\\\/prenzlberger-stimme.net\\\/?p=128682\\\/#mainImage\",\"width\":670,\"height\":405},\"primaryImageOfPage\":{\"@id\":\"https:\\\/\\\/prenzlberger-stimme.net\\\/?p=128682#mainImage\"},\"datePublished\":\"2019-10-02T02:29:57+02:00\",\"dateModified\":\"2021-02-04T13:53:52+01:00\"},{\"@type\":\"WebSite\",\"@id\":\"https:\\\/\\\/prenzlberger-stimme.net\\\/#website\",\"url\":\"https:\\\/\\\/prenzlberger-stimme.net\\\/\",\"name\":\"Prenzlberger Stimme\",\"description\":\"Nachrichten und Meinungen aus Prenzlauer Berg\",\"inLanguage\":\"de-DE\",\"publisher\":{\"@id\":\"https:\\\/\\\/prenzlberger-stimme.net\\\/#organization\"}}]}\n\t\t<\/script>\n\t\t<!-- All in One SEO -->\n\n","aioseo_head_json":{"title":"\"F\u00fcr eine menschenw\u00fcrdige Situation sorgen\" | Prenzlberger Stimme","description":"","canonical_url":"https:\/\/prenzlberger-stimme.net\/?p=128682","robots":"max-image-preview:large","keywords":"pankow,baahnhof,obdachlose,trinker,stephan lenz,stefan gelbhaar,andreas otto,polizei,ordnungsamt,burkowski,horizonte,dana,,franziskaner,,top,andreas otto,baahnhof,dana,franziskaner,horizonte,obdachlose,pankow,polizei,stefan gelbhaar,stephan lenz,top,trinker,soziales","webmasterTools":{"miscellaneous":""},"schema":{"@context":"https:\/\/schema.org","@graph":[{"@type":"Article","@id":"https:\/\/prenzlberger-stimme.net\/?p=128682#article","name":"\"F\u00fcr eine menschenw\u00fcrdige Situation sorgen\" | Prenzlberger Stimme","headline":"&#8222;F\u00fcr eine menschenw\u00fcrdige Situation sorgen&#8220;","author":{"@id":"https:\/\/prenzlberger-stimme.net\/?author=1#author"},"publisher":{"@id":"https:\/\/prenzlberger-stimme.net\/#organization"},"image":{"@type":"ImageObject","url":"https:\/\/prenzlberger-stimme.net\/wp-content\/uploads\/2019\/10\/pankow1.jpg","width":670,"height":405},"datePublished":"2019-10-02T02:29:57+02:00","dateModified":"2021-02-04T13:53:52+01:00","inLanguage":"de-DE","commentCount":2,"mainEntityOfPage":{"@id":"https:\/\/prenzlberger-stimme.net\/?p=128682#webpage"},"isPartOf":{"@id":"https:\/\/prenzlberger-stimme.net\/?p=128682#webpage"},"articleSection":"Soziales, Andreas Otto, Baahnhof, dana, Franziskaner, horizonte, Obdachlose, pankow, Polizei, Stefan Gelbhaar, Stephan Lenz, top, Trinker"},{"@type":"BreadcrumbList","@id":"https:\/\/prenzlberger-stimme.net\/?p=128682#breadcrumblist","itemListElement":[{"@type":"ListItem","@id":"https:\/\/prenzlberger-stimme.net#listItem","position":1,"name":"Home","item":"https:\/\/prenzlberger-stimme.net","nextItem":{"@type":"ListItem","@id":"https:\/\/prenzlberger-stimme.net\/?cat=533#listItem","name":"Soziales"}},{"@type":"ListItem","@id":"https:\/\/prenzlberger-stimme.net\/?cat=533#listItem","position":2,"name":"Soziales","item":"https:\/\/prenzlberger-stimme.net\/?cat=533","nextItem":{"@type":"ListItem","@id":"https:\/\/prenzlberger-stimme.net\/?p=128682#listItem","name":"&#8222;F\u00fcr eine menschenw\u00fcrdige Situation sorgen&#8220;"},"previousItem":{"@type":"ListItem","@id":"https:\/\/prenzlberger-stimme.net#listItem","name":"Home"}},{"@type":"ListItem","@id":"https:\/\/prenzlberger-stimme.net\/?p=128682#listItem","position":3,"name":"&#8222;F\u00fcr eine menschenw\u00fcrdige Situation sorgen&#8220;","previousItem":{"@type":"ListItem","@id":"https:\/\/prenzlberger-stimme.net\/?cat=533#listItem","name":"Soziales"}}]},{"@type":"Organization","@id":"https:\/\/prenzlberger-stimme.net\/#organization","name":"Prenzlberger Stimme","description":"Nachrichten und Meinungen aus Prenzlauer Berg","url":"https:\/\/prenzlberger-stimme.net\/","logo":{"@type":"ImageObject","url":"https:\/\/prenzlberger-stimme.net\/wp-content\/uploads\/2024\/01\/logo1.jpg","@id":"https:\/\/prenzlberger-stimme.net\/?p=128682\/#organizationLogo","width":781,"height":444},"image":{"@id":"https:\/\/prenzlberger-stimme.net\/?p=128682\/#organizationLogo"},"sameAs":["https:\/\/twitter.com\/PrenzlStimme"]},{"@type":"Person","@id":"https:\/\/prenzlberger-stimme.net\/?author=1#author","url":"https:\/\/prenzlberger-stimme.net\/?author=1","name":"von ODK","image":{"@type":"ImageObject","@id":"https:\/\/prenzlberger-stimme.net\/?p=128682#authorImage","url":"https:\/\/secure.gravatar.com\/avatar\/d59ba9689df7ab471907727acebd5c918a4a6cf9f6f448d5f4642b1c43e8a94d?s=96&r=x","width":96,"height":96,"caption":"von ODK"}},{"@type":"WebPage","@id":"https:\/\/prenzlberger-stimme.net\/?p=128682#webpage","url":"https:\/\/prenzlberger-stimme.net\/?p=128682","name":"\"F\u00fcr eine menschenw\u00fcrdige Situation sorgen\" | Prenzlberger Stimme","inLanguage":"de-DE","isPartOf":{"@id":"https:\/\/prenzlberger-stimme.net\/#website"},"breadcrumb":{"@id":"https:\/\/prenzlberger-stimme.net\/?p=128682#breadcrumblist"},"author":{"@id":"https:\/\/prenzlberger-stimme.net\/?author=1#author"},"creator":{"@id":"https:\/\/prenzlberger-stimme.net\/?author=1#author"},"image":{"@type":"ImageObject","url":"https:\/\/prenzlberger-stimme.net\/wp-content\/uploads\/2019\/10\/pankow1.jpg","@id":"https:\/\/prenzlberger-stimme.net\/?p=128682\/#mainImage","width":670,"height":405},"primaryImageOfPage":{"@id":"https:\/\/prenzlberger-stimme.net\/?p=128682#mainImage"},"datePublished":"2019-10-02T02:29:57+02:00","dateModified":"2021-02-04T13:53:52+01:00"},{"@type":"WebSite","@id":"https:\/\/prenzlberger-stimme.net\/#website","url":"https:\/\/prenzlberger-stimme.net\/","name":"Prenzlberger Stimme","description":"Nachrichten und Meinungen aus Prenzlauer Berg","inLanguage":"de-DE","publisher":{"@id":"https:\/\/prenzlberger-stimme.net\/#organization"}}]},"og:locale":"de_DE","og:site_name":"Prenzlberger Stimme","og:type":"article","og:title":"&quot;F\u00fcr eine menschenw\u00fcrdige Situation sorgen&quot; | Prenzlberger Stimme","og:url":"https:\/\/prenzlberger-stimme.net\/?p=128682","fb:app_id":"255323154562210","fb:admins":"142414469105895","og:image":"https:\/\/prenzlberger-stimme.net\/wp-content\/uploads\/2024\/01\/standard.jpg","og:image:secure_url":"https:\/\/prenzlberger-stimme.net\/wp-content\/uploads\/2024\/01\/standard.jpg","og:image:width":353,"og:image:height":237,"article:published_time":"2019-10-02T00:29:57+00:00","article:modified_time":"2021-02-04T12:53:52+00:00","article:publisher":"https:\/\/www.facebook.com\/prenzlstimme\/","twitter:card":"summary_large_image","twitter:site":"@PrenzlStimme","twitter:title":"&quot;F\u00fcr eine menschenw\u00fcrdige Situation sorgen&quot; | Prenzlberger Stimme","twitter:creator":"@PrenzlStimme","twitter:image":"https:\/\/prenzlberger-stimme.net\/wp-content\/uploads\/2024\/01\/standard.jpg"},"aioseo_meta_data":{"post_id":"128682","title":"&quot;F\u00fcr eine menschenw\u00fcrdige Situation sorgen&quot; | #site_title","description":null,"keywords":[{"label":"Pankow,Baahnhof,Obdachlose,Trinker,Stephan Lenz,Stefan Gelbhaar,Andreas Otto,Polizei,Ordnungsamt,Burkowski,horizonte,dana,,Franziskaner,,top","value":"Pankow,Baahnhof,Obdachlose,Trinker,Stephan Lenz,Stefan Gelbhaar,Andreas Otto,Polizei,Ordnungsamt,Burkowski,horizonte,dana,,Franziskaner,,top"}],"keyphrases":null,"primary_term":null,"canonical_url":null,"og_title":"","og_description":"","og_object_type":"article","og_image_type":"default","og_image_url":null,"og_image_width":null,"og_image_height":null,"og_image_custom_url":null,"og_image_custom_fields":null,"og_video":"","og_custom_url":null,"og_article_section":"","og_article_tags":"","twitter_use_og":false,"twitter_card":"summary_large_image","twitter_image_type":"default","twitter_image_url":null,"twitter_image_custom_url":null,"twitter_image_custom_fields":null,"twitter_title":null,"twitter_description":null,"schema":{"blockGraphs":[],"customGraphs":[],"default":{"data":{"Article":[],"Course":[],"Dataset":[],"FAQPage":[],"Movie":[],"Person":[],"Product":[],"ProductReview":[],"Car":[],"Recipe":[],"Service":[],"SoftwareApplication":[],"WebPage":[]},"graphName":"Article","isEnabled":true},"graphs":[]},"schema_type":null,"schema_type_options":null,"pillar_content":false,"robots_default":true,"robots_noindex":false,"robots_noarchive":false,"robots_nosnippet":false,"robots_nofollow":false,"robots_noimageindex":false,"robots_noodp":false,"robots_notranslate":false,"robots_max_snippet":null,"robots_max_videopreview":null,"robots_max_imagepreview":"large","priority":null,"frequency":null,"local_seo":null,"breadcrumb_settings":null,"limit_modified_date":false,"ai":null,"created":"2021-01-11 23:28:07","updated":"2025-09-24 21:08:31","seo_analyzer_scan_date":null,"focus_keyword":null,"truseo":null,"additional_keywords":null,"truseo_locale":null},"_links":{"self":[{"href":"https:\/\/prenzlberger-stimme.net\/index.php?rest_route=\/wp\/v2\/posts\/128682","targetHints":{"allow":["GET"]}}],"collection":[{"href":"https:\/\/prenzlberger-stimme.net\/index.php?rest_route=\/wp\/v2\/posts"}],"about":[{"href":"https:\/\/prenzlberger-stimme.net\/index.php?rest_route=\/wp\/v2\/types\/post"}],"author":[{"embeddable":true,"href":"https:\/\/prenzlberger-stimme.net\/index.php?rest_route=\/wp\/v2\/users\/1"}],"replies":[{"embeddable":true,"href":"https:\/\/prenzlberger-stimme.net\/index.php?rest_route=%2Fwp%2Fv2%2Fcomments&post=128682"}],"version-history":[{"count":0,"href":"https:\/\/prenzlberger-stimme.net\/index.php?rest_route=\/wp\/v2\/posts\/128682\/revisions"}],"wp:featuredmedia":[{"embeddable":true,"href":"https:\/\/prenzlberger-stimme.net\/index.php?rest_route=\/wp\/v2\/media\/128683"}],"wp:attachment":[{"href":"https:\/\/prenzlberger-stimme.net\/index.php?rest_route=%2Fwp%2Fv2%2Fmedia&parent=128682"}],"wp:term":[{"taxonomy":"category","embeddable":true,"href":"https:\/\/prenzlberger-stimme.net\/index.php?rest_route=%2Fwp%2Fv2%2Fcategories&post=128682"},{"taxonomy":"post_tag","embeddable":true,"href":"https:\/\/prenzlberger-stimme.net\/index.php?rest_route=%2Fwp%2Fv2%2Ftags&post=128682"}],"curies":[{"name":"wp","href":"https:\/\/api.w.org\/{rel}","templated":true}]}}