{"id":128885,"date":"2019-10-31T19:57:35","date_gmt":"2019-10-31T18:57:35","guid":{"rendered":"https:\/\/prenzlberger-stimme.net\/?p=128885"},"modified":"2021-02-04T14:00:44","modified_gmt":"2021-02-04T13:00:44","slug":"machen-sie-dampf-kurt-krieger-verlangt-denkmal-schleifung","status":"publish","type":"post","link":"https:\/\/prenzlberger-stimme.net\/?p=128885","title":{"rendered":"&#8222;Machen Sie Dampf!&#8220; &#8211; Kurt Krieger verlangt Denkmal-Schleifung"},"content":{"rendered":"<p><img loading=\"lazy\" decoding=\"async\" src=\"https:\/\/prenzlberger-stimme.net\/wp-content\/uploads\/2019\/10\/dampf.jpg\" alt=\"\" width=\"670\" height=\"459\" class=\"alignleft size-full wp-image-128886\" srcset=\"https:\/\/prenzlberger-stimme.net\/wp-content\/uploads\/2019\/10\/dampf.jpg 670w, https:\/\/prenzlberger-stimme.net\/wp-content\/uploads\/2019\/10\/dampf-300x206.jpg 300w\" sizes=\"auto, (max-width: 670px) 100vw, 670px\" \/><br \/>\n <\/p>\n<p>&nbsp;<\/p>\n<p><strong><em>Die Entscheidung zum zumindest teilweisen Abriss des Eisenbahndenkmals am S-Bahnhof Pankow-Heinersdorf  &#8211; Rundlokschuppen, Ringlokschuppen, Sozialgeb\u00e4ude \u2013 scheint so gut wie gefallen zu sein. Zugunsten eines Schulneubaus. Und zu Gunsten des Eigent\u00fcmers Kurt Krieger, der dieses technische Denkmal mit Vorsatz verfallen lie\u00df. Der M\u00f6belhaustycoon erntete mit seiner Forderung, die Denkm\u00e4ler zu schleifen, kaum Widerspruch <\/em> <\/strong><br \/>\n <\/p>\n<p>&nbsp;<\/p>\n<p> Eine \u201eAktuelle Stunde\u201c zum Thema \u201ePankower Tor\u201c stand zum Beginn der gestrigen Tagung der Pankower Bezirksverordnetenversammlung (BVV) auf dem Programm. Beantragt  wurde sie von der Z\u00e4hlgemeinschaft aus  Linkspartei, B\u00fcndnisgr\u00fcnen und SPD, doch er\u00f6ffnet wurde die Diskussion nicht von einem der Initiatoren, sondern von M\u00f6belhaustycoon Kurt Krieger, dem Eigent\u00fcmer des ehemaligen Rangierbahnhofsgel\u00e4nde zwischen den S-Bahnstationen Pankow und Heinersdorf. <\/p>\n<p>Und der zog kr\u00e4ftig vom Leder. <\/p>\n<p>\u201eMachen Sie Dampf!\u201c rief er mehrfach in den Saal und meinte damit zuvorderst den Abriss des historischen, unter Denkmalschutz stehenden Geb\u00e4udeensembles des ehemaligen Bahnbetrebswerkes Pankow am S-Bahnhof Heinersdorf.<br \/>\n&nbsp;<\/p>\n<h4><strong>Grundst\u00fccke als Tauschobjekt erworben<\/strong><\/h4>\n<p>Krieger hatte das Grundst\u00fcck an der Heinersdorfer Br\u00fccke im Wissen um die denkmalgesch\u00fctzten Geb\u00e4ude vor acht Jahren erworben, in der Hoffnung, es im Ausgleich f\u00fcr die Erf\u00fcllung seiner W\u00fcnsche &#8211; dem Bau  einer Shopping-Mall und mehreren M\u00f6belh\u00e4usern  auf dem alten Rangierbahnhofsareal &#8211; dem Bezirk f\u00fcr die Errichtung einer Schule zu \u00fcberlassen. <\/p>\n<p>Doch eine Machbarkeitsstudie hatte ergeben, dass er Platz dort wegen der gesch\u00fctzten Geb\u00e4ude f\u00fcr eine Oberschule nicht gro\u00df genug ist. Auch das  lauschige Pl\u00e4tzchen am Bahnhof Pankow, auf dem heute die rote Infobox steht und das Krieger der Kommune f\u00fcr einen Grundschulbau \u00fcberlassen wollte, erwies sich als ungeeignet. <\/p>\n<p>Daher favorisierte der Bezirk eine Gemeinschaftsschule, die in der Mitte des k\u00fcnftigen Wohngebietes Pankower Tor ihren Platz finden sollte.<br \/>\nDoch die einzige Fl\u00e4che, die Krieger auf seinem Hauptgrundst\u00fcck daf\u00fcr hergeben wollte, war nur eingeschr\u00e4nkt bis gar nicht nutzbar: Dort verl\u00e4uft eine Kabeltrasse, die nicht bebaut werden darf.<\/p>\n<p>&nbsp;<\/p>\n<h4><strong>Wiederherstellung der verfallenen Geb\u00e4ude w\u00fcrde Millionen kosten<\/strong><\/h4>\n<p>Krieger lie\u00df derweilen die historischen Geb\u00e4ude bewusst verfallen \u2013 wohl auch in der Hoffnung, dass ihm \u2013 wenn er erst einmal Ruinen geschaffen hat, eine Abrissgenehmigung nicht verwehrt werden w\u00fcrde.<\/p>\n<p>Tats\u00e4chlich aber wurde der Antrag auf Abriss des Denkmalensembles abschl\u00e4gig entschieden. Stattdessen wurde Krieger auf Antrag des Bezirks  gerichtlich verpflichtet, den Rundlokschuppen und das Sozialgeb\u00e4ude zumindest erst einmal zu sichern. Beim Ringlokschuppen sah das Gericht davon ab, weil das Geb\u00e4ude mit nur einem Meter Abstand an die dort vorbeif\u00fchrende Ferngleise grenzt und eine Sicherung wegen der Gef\u00e4hrdung der Bauarbeiter dort nicht zumutbar sei. <\/p>\n<p>Auf das \u2013 noch nicht rechtskr\u00e4ftige &#8211; Urteil bezog sich Krieger nun auch in seiner Rede: Er sei ja nur verpflichtet worden, die Geb\u00e4ude zu sichern, nicht aber instand zu halten.<br \/>\nWas er nicht sagte: Da das Gericht ausdr\u00fccklich darauf hinwies, dass Krieger selbst den Verfall zu verantworten hat, d\u00fcrfte auch ein Verfahren zu Wiederherstellung der unter Schutz stehenden  historischen Geb\u00e4ude nicht ganz ohne Erfolgsaussichten sein. Das k\u00f6nnte f\u00fcr Krieger Kosten in einer kleinen zweistelligen Millionenh\u00f6he bedeuten. <\/p>\n<p>Also rief er die Bezirksverordneten  erneut zu: Machen Sie Dampf!\u201c,  Und malte dann in d\u00fcsteren Bildern aus, was seiner meinung nach passieren w\u00fcrde, wenn der \u201eDampf\u201c ausbliebe.  Die Denkm\u00e4ler w\u00fcrden Ruinen bleiben, die dann dort, wo das geplante Wohnungsbaugro\u00dfprojekt \u201eBlankenburger S\u00fcden\u201c auf das Pankower Tor treffe, einen \u201eSchandfleck\u201c bildeten. Krieger: \u201eWollen Sie in Berlins gr\u00f6\u00dftem Wohnungsbaugebiet eine Ruine haben?\u201c<br \/>\n Und er verga\u00df auch nicht, eine seiner w\u00e4hrend der vergangenen Jahre immer mal wieder hervorgeholten Lieblingsdrohung vom Ende des Projekts zu variieren:<br \/>\n\u201eWir m\u00fcssen dann halt nach zehn Jahren sagen, wir haben es nicht gepackt. Ich bin da auch nicht blau\u00e4ugig, man kann nicht alles packen.\u201c<br \/>\n&nbsp;<\/p>\n<h4><strong>CDU-Fraktionschef Johannes Kraft: Krieger hat dem Bezirk viele W\u00fcnsche erf\u00fcllt<\/strong><\/h4>\n<p>Der SPD-Fraktionsvorsitzende Roland Schr\u00f6der zeigte im Anschluss an Kriegers Philippika demonstrative Abrissbereitschaft: Das Sozialgeb\u00e4ude aus dem Jahr 1961 k\u00f6nne weg. Auch der Ringlokschuppen (erbaut 1901- 1906) sei entbehrlich, denn davon gebe es in Deutschland noch einige. Einzig der aus dem Jahr stammende 1893 Rundlokschuppen sei erhaltenswert, davon g\u00e4be es au\u00dfer jenem in Heinerdorf keinen mehr in Deutschland.<br \/>\nSchr\u00f6der wie darauf hin, dass beim Abriss des Denkmals die Schule direkt an der S-Bahn-Station l\u00e4ge \u2013 was f\u00fcr die Sch\u00fcler von Vorteil w\u00e4re. W\u00e4re die Schulstandortfrage gel\u00f6st, k\u00f6nnte man noch Ende dieses Jahres  diese Jahres den Aufstellungsbeschluss f\u00fcr die Bauplanung fassen.<\/p>\n<p>Auch der CDU-Fraktionschef Johannes Kraft pl\u00e4dierte f\u00fcr den Denkmalabriss zugunsten eines dortigen Schulstandortes.<br \/>\nEr habe sich, so Kraft,  mal die M\u00fche gemacht, zu recherchieren, wie oft und wie lange sich die Bezirkspolitik bereits mit dem ehemaligen Rangier- und G\u00fcterbahnhof befasst habe. Er  habe dabei 21 Drucksachen gefunden, die  \u00e4lteste stamme aus dem Jahr 2006. <\/p>\n<p>Kraft erinnerte daran, dass es in der langen Geschichte des Projekts immer wieder W\u00fcnsche an  Immobilieneigent\u00fcmer Krieger gegeben habe, deren Erf\u00fcllung dann auch in die Planungsdiskussion mit aufgenommenen wurde. Als Beispiele nannte er massiven Wohnungsbau anstelle eines eigentlich vom Eigent\u00fcmer angedachten Kurt-Krieger-Gedenk-Park, die nachtr\u00e4gliche Implementierung eines breiten Radwanderweges (\u201ePanke-Trail\u201c) oder die Reduzierung der von Krieger urspr\u00fcnglich geforderten Einzelhandelsfl\u00e4che.<br \/>\n&nbsp;<\/p>\n<h4><strong>Wolfram Kempe (Linksfraktion): &#8222;Sogenannte Denkm\u00e4ler&#8220;<\/strong><\/h4>\n<p>Wolfram Kempe, Verkehrsexperte der Linksfraktion, der zusammen mit  SPD-Mann Schr\u00f6der seit nunmehr neun Jahren einer der politischen Hauptakteure in Sachen Pankower Tor ist, schloss sich der Argumentation seines christdemokratischen Vorredners ausdr\u00fccklich an. Auch er pl\u00e4dierte f\u00fcr  einen Schulbau anstelle der \u2013 wie er es formulierte &#8211; \u201esogenannten Denkm\u00e4ler\u201c.<br \/>\nZugleich r\u00e4umte Kempe Fehler im Vorgehen der vergangenen neun Jahre ein: Man habe zu unkoordiniert gehandelt, oft den f\u00fcnften vor dem dritten Schritt in Angriff genommen. So h\u00e4tten bei den &#8211; letztlich erfolglosen &#8211; Werkstattgespr\u00e4chen zwischen Eigent\u00fcmern, Bezirk und Senatsverwaltung Mitte des Jahrzehnts lange Zeit architektonische Fragen eine Rolle gespielt \u2013 ohne, dass  alle anderen Dinge bereits klar gewesen w\u00e4ren. <\/p>\n<p>Kempe sprach sich daf\u00fcr aus, nun unverz\u00fcglich mit der Bauleitplanung zu beginnen. \u201e\u201eEin weiterer Aufschub ist nicht mehr tragbar.\u201c  Im Prozess der Bauleitplanung k\u00f6nne man dann immer noch \u00fcber die Architektur diskutieren.<\/p>\n<p>Einzig die Fraktion B\u00fcndnis 90\/ Die Gr\u00fcnen wandte sich  explizit gegen einen Abriss des Denkmalensembles.<br \/>\nFraktionsvorsitzende Cordelia Koch lobte erst einmal Kurt Krieger daf\u00fcr, dass er der Streckenf\u00fchrung des Radwanderwegs des \u201ePanketrail\u201c \u00fcber das \u201ePankower Tor zugestimmt hat und w\u00fcrdigte dar\u00fcber hinaus, dass er gemeinsam mit dem Bezirk ein innovatives Gewerbe- und Wohnkonzept umsetzen wolle.<br \/>\nSie erinnerte aber auch daran, dass Kurt Krieger sich ja urspr\u00fcnglich mit dem Pankower Tor ein Denkmal setzen wollte. Und, so Koch, vielleicht wird jenes Wohnviertel sp\u00e4ter ja tats\u00e4chlich einmal auf der Denkmalliste stehen. Doch dazu geh\u00f6rten eben auch die  heutigen Denkm\u00e4ler.<\/p>\n<p>&nbsp;<\/p>\n<h4><strong>Letztes Wort hat die Denkmalschutzbeh\u00f6rde<\/strong><\/h4>\n<p>Bezirksstadtrat Vollrad Kuhn (B\u00fcndnis 90\/ Die Gr\u00fcnen) stellte einen Aufstellungsbeschluss f\u00fcr die Bauleitplanung f\u00fcr Februar in Aussicht. Noch kurz vor Beginn der BVV-Tagung habe er dem B\u00fcro von Kurt Krieger eine umf\u00e4ngliche Stellungnahme des Bezirksamtes  \u00fcbermittelt. Auch der Standort der Schule sei dort aufgef\u00fchrt \u2013 allerdings vermied es Kuhn, dabei genauer zu werden. Er erw\u00e4hnte lediglich, dass er froh sei, dass die Schule nicht mehr auf der Kabeltrasse innerhalb des Kriegergrundst\u00fccks verortet werde.<\/p>\n<p>Am Rande der Tagung war zu h\u00f6ren, dass im Bezirksamt tats\u00e4chlich ein Abriss zumindest des ehemaligen Sozialgeb\u00e4udes und des Ringlokschuppen erw\u00e4gt. N\u00f6tig w\u00e4re daf\u00fcr allerdings mehr als  nur ein Bezirksamtsbeschluss. Denn die Aufhebung des Denkmalschutzes obliegt allein der Denkmalschutzbeh\u00f6rde \u2013 und die ist in ihrer Entscheidung unabh\u00e4ngig. Weder Bezirksamt, noch eine Senatsverwaltung haben ihr gegen\u00fcber eine Weisungsbefugnis. Und die Pankower Leiterin der Denkmalschutzbeh\u00f6rde ist bisher nicht daf\u00fcr bekannt geworden, sich politischem Druck zu beugen.<\/p>\n<p> <\/p>\n<p>&nbsp;<\/p>\n<h3><span style=\"color: #800000;\"><strong>Weitere Artikel&#8230;<\/strong><\/span><\/p>\n<\/h3>\n<p><\/p>\n<h3><a href=\"https:\/\/prenzlberger-stimme.net\/?cat=730\">&#8230;zum Thema  Pankower Tor hier anklicken<\/a><\/h3>\n<p> <\/p>\n<p>&nbsp;<\/p>\n","protected":false},"excerpt":{"rendered":"<p>&nbsp; Die Entscheidung zum zumindest teilweisen Abriss des Eisenbahndenkmals am S-Bahnhof Pankow-Heinersdorf &#8211; Rundlokschuppen, Ringlokschuppen, Sozialgeb\u00e4ude \u2013 scheint so gut wie gefallen zu sein. Zugunsten eines Schulneubaus. Und zu Gunsten des Eigent\u00fcmers Kurt Krieger, der dieses technische Denkmal mit Vorsatz verfallen lie\u00df. Der M\u00f6belhaustycoon erntete mit seiner Forderung, die Denkm\u00e4ler zu schleifen, kaum Widerspruch &nbsp; [&hellip;]<\/p>\n","protected":false},"author":1,"featured_media":128886,"comment_status":"open","ping_status":"open","sticky":false,"template":"","format":"standard","meta":{"_monsterinsights_skip_tracking":false,"ngg_post_thumbnail":0,"footnotes":""},"categories":[27,5164],"tags":[64,4602,4830,67,731,4500,95,1838,2468,4829,1689,2972],"class_list":["post-128885","post","type-post","status-publish","format-standard","has-post-thumbnail","hentry","category-bauenwohnen","category-rangierbahnhof-pankow","tag-bezirksverordnetenversammlung","tag-cordelia-koch","tag-einkaufszentrum","tag-johannes-kraft","tag-kurt-krieger","tag-lokschuppen","tag-pankow","tag-pankower-tor","tag-schule","tag-shopping-mall","tag-top","tag-wolfram-kempe"],"aioseo_notices":[],"aioseo_head":"\n\t\t<!-- All in One SEO 4.9.10 - aioseo.com -->\n\t<meta name=\"robots\" content=\"max-image-preview:large\" \/>\n\t<meta name=\"author\" content=\"von ODK\"\/>\n\t<meta name=\"keywords\" content=\"pankow,pankower tor,shopping mall,einkaufszentrum,kurt krieger,bezirksverordnetenversammlung,wolfram kempe,johannes kraft,cordelia koch,wolfram kempe,schule,lokschuppen,top,bezirksverordnetenversammlung,cordelia koch,einkaufszentrum,johannes kraft,kurt krieger,lokschuppen,pankow,pankower tor,schule,shopping mall,top,wolfram kempe,bauen&amp;wohnen,rangierbahnhof pankow\/pankower tor\" \/>\n\t<link rel=\"canonical\" href=\"https:\/\/prenzlberger-stimme.net\/?p=128885\" \/>\n\t<meta name=\"generator\" content=\"All in One SEO (AIOSEO) 4.9.10\" \/>\n\t\t<meta property=\"og:locale\" content=\"de_DE\" \/>\n\t\t<meta property=\"og:site_name\" content=\"Prenzlberger Stimme\" \/>\n\t\t<meta property=\"og:type\" content=\"article\" \/>\n\t\t<meta property=\"og:title\" content=\"&quot;Machen Sie Dampf!&quot; - Kurt Krieger verlangt Denkmal-Schleifung | Prenzlberger Stimme\" \/>\n\t\t<meta property=\"og:url\" content=\"https:\/\/prenzlberger-stimme.net\/?p=128885\" \/>\n\t\t<meta property=\"fb:app_id\" content=\"255323154562210\" \/>\n\t\t<meta property=\"fb:admins\" content=\"142414469105895\" \/>\n\t\t<meta property=\"og:image\" content=\"https:\/\/prenzlberger-stimme.net\/wp-content\/uploads\/2024\/01\/standard.jpg\" \/>\n\t\t<meta property=\"og:image:secure_url\" content=\"https:\/\/prenzlberger-stimme.net\/wp-content\/uploads\/2024\/01\/standard.jpg\" \/>\n\t\t<meta property=\"og:image:width\" content=\"353\" \/>\n\t\t<meta property=\"og:image:height\" content=\"237\" \/>\n\t\t<meta property=\"article:published_time\" content=\"2019-10-31T18:57:35+00:00\" \/>\n\t\t<meta property=\"article:modified_time\" content=\"2021-02-04T13:00:44+00:00\" \/>\n\t\t<meta property=\"article:publisher\" content=\"https:\/\/www.facebook.com\/prenzlstimme\/\" \/>\n\t\t<meta name=\"twitter:card\" content=\"summary_large_image\" \/>\n\t\t<meta name=\"twitter:site\" content=\"@PrenzlStimme\" \/>\n\t\t<meta name=\"twitter:title\" content=\"&quot;Machen Sie Dampf!&quot; - Kurt Krieger verlangt Denkmal-Schleifung | Prenzlberger Stimme\" \/>\n\t\t<meta name=\"twitter:creator\" content=\"@PrenzlStimme\" \/>\n\t\t<meta name=\"twitter:image\" content=\"https:\/\/prenzlberger-stimme.net\/wp-content\/uploads\/2024\/01\/standard.jpg\" \/>\n\t\t<script type=\"application\/ld+json\" class=\"aioseo-schema\">\n\t\t\t{\"@context\":\"https:\\\/\\\/schema.org\",\"@graph\":[{\"@type\":\"Article\",\"@id\":\"https:\\\/\\\/prenzlberger-stimme.net\\\/?p=128885#article\",\"name\":\"\\\"Machen Sie Dampf!\\\" - Kurt Krieger verlangt Denkmal-Schleifung | Prenzlberger Stimme\",\"headline\":\"&#8222;Machen Sie Dampf!&#8220; &#8211; Kurt Krieger verlangt Denkmal-Schleifung\",\"author\":{\"@id\":\"https:\\\/\\\/prenzlberger-stimme.net\\\/?author=1#author\"},\"publisher\":{\"@id\":\"https:\\\/\\\/prenzlberger-stimme.net\\\/#organization\"},\"image\":{\"@type\":\"ImageObject\",\"url\":\"https:\\\/\\\/prenzlberger-stimme.net\\\/wp-content\\\/uploads\\\/2019\\\/10\\\/dampf.jpg\",\"width\":670,\"height\":459},\"datePublished\":\"2019-10-31T19:57:35+01:00\",\"dateModified\":\"2021-02-04T14:00:44+01:00\",\"inLanguage\":\"de-DE\",\"commentCount\":6,\"mainEntityOfPage\":{\"@id\":\"https:\\\/\\\/prenzlberger-stimme.net\\\/?p=128885#webpage\"},\"isPartOf\":{\"@id\":\"https:\\\/\\\/prenzlberger-stimme.net\\\/?p=128885#webpage\"},\"articleSection\":\"Bauen&amp;Wohnen, Rangierbahnhof Pankow\\\/Pankower Tor, bezirksverordnetenversammlung, Cordelia Koch, einkaufszentrum, johannes kraft, Kurt Krieger, lokschuppen, pankow, Pankower Tor, Schule, shopping mall, top, Wolfram Kempe\"},{\"@type\":\"BreadcrumbList\",\"@id\":\"https:\\\/\\\/prenzlberger-stimme.net\\\/?p=128885#breadcrumblist\",\"itemListElement\":[{\"@type\":\"ListItem\",\"@id\":\"https:\\\/\\\/prenzlberger-stimme.net#listItem\",\"position\":1,\"name\":\"Home\",\"item\":\"https:\\\/\\\/prenzlberger-stimme.net\",\"nextItem\":{\"@type\":\"ListItem\",\"@id\":\"https:\\\/\\\/prenzlberger-stimme.net\\\/?cat=27#listItem\",\"name\":\"Bauen&amp;Wohnen\"}},{\"@type\":\"ListItem\",\"@id\":\"https:\\\/\\\/prenzlberger-stimme.net\\\/?cat=27#listItem\",\"position\":2,\"name\":\"Bauen&amp;Wohnen\",\"item\":\"https:\\\/\\\/prenzlberger-stimme.net\\\/?cat=27\",\"nextItem\":{\"@type\":\"ListItem\",\"@id\":\"https:\\\/\\\/prenzlberger-stimme.net\\\/?cat=5164#listItem\",\"name\":\"Rangierbahnhof Pankow\\\/Pankower Tor\"},\"previousItem\":{\"@type\":\"ListItem\",\"@id\":\"https:\\\/\\\/prenzlberger-stimme.net#listItem\",\"name\":\"Home\"}},{\"@type\":\"ListItem\",\"@id\":\"https:\\\/\\\/prenzlberger-stimme.net\\\/?cat=5164#listItem\",\"position\":3,\"name\":\"Rangierbahnhof Pankow\\\/Pankower Tor\",\"item\":\"https:\\\/\\\/prenzlberger-stimme.net\\\/?cat=5164\",\"nextItem\":{\"@type\":\"ListItem\",\"@id\":\"https:\\\/\\\/prenzlberger-stimme.net\\\/?p=128885#listItem\",\"name\":\"&#8222;Machen Sie Dampf!&#8220; &#8211; Kurt Krieger verlangt Denkmal-Schleifung\"},\"previousItem\":{\"@type\":\"ListItem\",\"@id\":\"https:\\\/\\\/prenzlberger-stimme.net\\\/?cat=27#listItem\",\"name\":\"Bauen&amp;Wohnen\"}},{\"@type\":\"ListItem\",\"@id\":\"https:\\\/\\\/prenzlberger-stimme.net\\\/?p=128885#listItem\",\"position\":4,\"name\":\"&#8222;Machen Sie Dampf!&#8220; &#8211; Kurt Krieger verlangt Denkmal-Schleifung\",\"previousItem\":{\"@type\":\"ListItem\",\"@id\":\"https:\\\/\\\/prenzlberger-stimme.net\\\/?cat=5164#listItem\",\"name\":\"Rangierbahnhof Pankow\\\/Pankower Tor\"}}]},{\"@type\":\"Organization\",\"@id\":\"https:\\\/\\\/prenzlberger-stimme.net\\\/#organization\",\"name\":\"Prenzlberger Stimme\",\"description\":\"Nachrichten und Meinungen aus Prenzlauer Berg\",\"url\":\"https:\\\/\\\/prenzlberger-stimme.net\\\/\",\"logo\":{\"@type\":\"ImageObject\",\"url\":\"https:\\\/\\\/prenzlberger-stimme.net\\\/wp-content\\\/uploads\\\/2024\\\/01\\\/logo1.jpg\",\"@id\":\"https:\\\/\\\/prenzlberger-stimme.net\\\/?p=128885\\\/#organizationLogo\",\"width\":781,\"height\":444},\"image\":{\"@id\":\"https:\\\/\\\/prenzlberger-stimme.net\\\/?p=128885\\\/#organizationLogo\"},\"sameAs\":[\"https:\\\/\\\/twitter.com\\\/PrenzlStimme\"]},{\"@type\":\"Person\",\"@id\":\"https:\\\/\\\/prenzlberger-stimme.net\\\/?author=1#author\",\"url\":\"https:\\\/\\\/prenzlberger-stimme.net\\\/?author=1\",\"name\":\"von ODK\",\"image\":{\"@type\":\"ImageObject\",\"@id\":\"https:\\\/\\\/prenzlberger-stimme.net\\\/?p=128885#authorImage\",\"url\":\"https:\\\/\\\/secure.gravatar.com\\\/avatar\\\/d59ba9689df7ab471907727acebd5c918a4a6cf9f6f448d5f4642b1c43e8a94d?s=96&r=x\",\"width\":96,\"height\":96,\"caption\":\"von ODK\"}},{\"@type\":\"WebPage\",\"@id\":\"https:\\\/\\\/prenzlberger-stimme.net\\\/?p=128885#webpage\",\"url\":\"https:\\\/\\\/prenzlberger-stimme.net\\\/?p=128885\",\"name\":\"\\\"Machen Sie Dampf!\\\" - Kurt Krieger verlangt Denkmal-Schleifung | Prenzlberger Stimme\",\"inLanguage\":\"de-DE\",\"isPartOf\":{\"@id\":\"https:\\\/\\\/prenzlberger-stimme.net\\\/#website\"},\"breadcrumb\":{\"@id\":\"https:\\\/\\\/prenzlberger-stimme.net\\\/?p=128885#breadcrumblist\"},\"author\":{\"@id\":\"https:\\\/\\\/prenzlberger-stimme.net\\\/?author=1#author\"},\"creator\":{\"@id\":\"https:\\\/\\\/prenzlberger-stimme.net\\\/?author=1#author\"},\"image\":{\"@type\":\"ImageObject\",\"url\":\"https:\\\/\\\/prenzlberger-stimme.net\\\/wp-content\\\/uploads\\\/2019\\\/10\\\/dampf.jpg\",\"@id\":\"https:\\\/\\\/prenzlberger-stimme.net\\\/?p=128885\\\/#mainImage\",\"width\":670,\"height\":459},\"primaryImageOfPage\":{\"@id\":\"https:\\\/\\\/prenzlberger-stimme.net\\\/?p=128885#mainImage\"},\"datePublished\":\"2019-10-31T19:57:35+01:00\",\"dateModified\":\"2021-02-04T14:00:44+01:00\"},{\"@type\":\"WebSite\",\"@id\":\"https:\\\/\\\/prenzlberger-stimme.net\\\/#website\",\"url\":\"https:\\\/\\\/prenzlberger-stimme.net\\\/\",\"name\":\"Prenzlberger Stimme\",\"description\":\"Nachrichten und Meinungen aus Prenzlauer Berg\",\"inLanguage\":\"de-DE\",\"publisher\":{\"@id\":\"https:\\\/\\\/prenzlberger-stimme.net\\\/#organization\"}}]}\n\t\t<\/script>\n\t\t<!-- All in One SEO -->\n\n","aioseo_head_json":{"title":"\"Machen Sie Dampf!\" - Kurt Krieger verlangt Denkmal-Schleifung | Prenzlberger Stimme","description":"","canonical_url":"https:\/\/prenzlberger-stimme.net\/?p=128885","robots":"max-image-preview:large","keywords":"pankow,pankower tor,shopping mall,einkaufszentrum,kurt krieger,bezirksverordnetenversammlung,wolfram kempe,johannes kraft,cordelia koch,wolfram kempe,schule,lokschuppen,top,bezirksverordnetenversammlung,cordelia koch,einkaufszentrum,johannes kraft,kurt krieger,lokschuppen,pankow,pankower tor,schule,shopping mall,top,wolfram kempe,bauen&amp;wohnen,rangierbahnhof pankow\/pankower tor","webmasterTools":{"miscellaneous":""},"schema":{"@context":"https:\/\/schema.org","@graph":[{"@type":"Article","@id":"https:\/\/prenzlberger-stimme.net\/?p=128885#article","name":"\"Machen Sie Dampf!\" - Kurt Krieger verlangt Denkmal-Schleifung | Prenzlberger Stimme","headline":"&#8222;Machen Sie Dampf!&#8220; &#8211; Kurt Krieger verlangt Denkmal-Schleifung","author":{"@id":"https:\/\/prenzlberger-stimme.net\/?author=1#author"},"publisher":{"@id":"https:\/\/prenzlberger-stimme.net\/#organization"},"image":{"@type":"ImageObject","url":"https:\/\/prenzlberger-stimme.net\/wp-content\/uploads\/2019\/10\/dampf.jpg","width":670,"height":459},"datePublished":"2019-10-31T19:57:35+01:00","dateModified":"2021-02-04T14:00:44+01:00","inLanguage":"de-DE","commentCount":6,"mainEntityOfPage":{"@id":"https:\/\/prenzlberger-stimme.net\/?p=128885#webpage"},"isPartOf":{"@id":"https:\/\/prenzlberger-stimme.net\/?p=128885#webpage"},"articleSection":"Bauen&amp;Wohnen, Rangierbahnhof Pankow\/Pankower Tor, bezirksverordnetenversammlung, Cordelia Koch, einkaufszentrum, johannes kraft, Kurt Krieger, lokschuppen, pankow, Pankower Tor, Schule, shopping mall, top, Wolfram Kempe"},{"@type":"BreadcrumbList","@id":"https:\/\/prenzlberger-stimme.net\/?p=128885#breadcrumblist","itemListElement":[{"@type":"ListItem","@id":"https:\/\/prenzlberger-stimme.net#listItem","position":1,"name":"Home","item":"https:\/\/prenzlberger-stimme.net","nextItem":{"@type":"ListItem","@id":"https:\/\/prenzlberger-stimme.net\/?cat=27#listItem","name":"Bauen&amp;Wohnen"}},{"@type":"ListItem","@id":"https:\/\/prenzlberger-stimme.net\/?cat=27#listItem","position":2,"name":"Bauen&amp;Wohnen","item":"https:\/\/prenzlberger-stimme.net\/?cat=27","nextItem":{"@type":"ListItem","@id":"https:\/\/prenzlberger-stimme.net\/?cat=5164#listItem","name":"Rangierbahnhof Pankow\/Pankower Tor"},"previousItem":{"@type":"ListItem","@id":"https:\/\/prenzlberger-stimme.net#listItem","name":"Home"}},{"@type":"ListItem","@id":"https:\/\/prenzlberger-stimme.net\/?cat=5164#listItem","position":3,"name":"Rangierbahnhof Pankow\/Pankower Tor","item":"https:\/\/prenzlberger-stimme.net\/?cat=5164","nextItem":{"@type":"ListItem","@id":"https:\/\/prenzlberger-stimme.net\/?p=128885#listItem","name":"&#8222;Machen Sie Dampf!&#8220; &#8211; Kurt Krieger verlangt Denkmal-Schleifung"},"previousItem":{"@type":"ListItem","@id":"https:\/\/prenzlberger-stimme.net\/?cat=27#listItem","name":"Bauen&amp;Wohnen"}},{"@type":"ListItem","@id":"https:\/\/prenzlberger-stimme.net\/?p=128885#listItem","position":4,"name":"&#8222;Machen Sie Dampf!&#8220; &#8211; Kurt Krieger verlangt Denkmal-Schleifung","previousItem":{"@type":"ListItem","@id":"https:\/\/prenzlberger-stimme.net\/?cat=5164#listItem","name":"Rangierbahnhof Pankow\/Pankower Tor"}}]},{"@type":"Organization","@id":"https:\/\/prenzlberger-stimme.net\/#organization","name":"Prenzlberger Stimme","description":"Nachrichten und Meinungen aus Prenzlauer Berg","url":"https:\/\/prenzlberger-stimme.net\/","logo":{"@type":"ImageObject","url":"https:\/\/prenzlberger-stimme.net\/wp-content\/uploads\/2024\/01\/logo1.jpg","@id":"https:\/\/prenzlberger-stimme.net\/?p=128885\/#organizationLogo","width":781,"height":444},"image":{"@id":"https:\/\/prenzlberger-stimme.net\/?p=128885\/#organizationLogo"},"sameAs":["https:\/\/twitter.com\/PrenzlStimme"]},{"@type":"Person","@id":"https:\/\/prenzlberger-stimme.net\/?author=1#author","url":"https:\/\/prenzlberger-stimme.net\/?author=1","name":"von ODK","image":{"@type":"ImageObject","@id":"https:\/\/prenzlberger-stimme.net\/?p=128885#authorImage","url":"https:\/\/secure.gravatar.com\/avatar\/d59ba9689df7ab471907727acebd5c918a4a6cf9f6f448d5f4642b1c43e8a94d?s=96&r=x","width":96,"height":96,"caption":"von ODK"}},{"@type":"WebPage","@id":"https:\/\/prenzlberger-stimme.net\/?p=128885#webpage","url":"https:\/\/prenzlberger-stimme.net\/?p=128885","name":"\"Machen Sie Dampf!\" - Kurt Krieger verlangt Denkmal-Schleifung | Prenzlberger Stimme","inLanguage":"de-DE","isPartOf":{"@id":"https:\/\/prenzlberger-stimme.net\/#website"},"breadcrumb":{"@id":"https:\/\/prenzlberger-stimme.net\/?p=128885#breadcrumblist"},"author":{"@id":"https:\/\/prenzlberger-stimme.net\/?author=1#author"},"creator":{"@id":"https:\/\/prenzlberger-stimme.net\/?author=1#author"},"image":{"@type":"ImageObject","url":"https:\/\/prenzlberger-stimme.net\/wp-content\/uploads\/2019\/10\/dampf.jpg","@id":"https:\/\/prenzlberger-stimme.net\/?p=128885\/#mainImage","width":670,"height":459},"primaryImageOfPage":{"@id":"https:\/\/prenzlberger-stimme.net\/?p=128885#mainImage"},"datePublished":"2019-10-31T19:57:35+01:00","dateModified":"2021-02-04T14:00:44+01:00"},{"@type":"WebSite","@id":"https:\/\/prenzlberger-stimme.net\/#website","url":"https:\/\/prenzlberger-stimme.net\/","name":"Prenzlberger Stimme","description":"Nachrichten und Meinungen aus Prenzlauer Berg","inLanguage":"de-DE","publisher":{"@id":"https:\/\/prenzlberger-stimme.net\/#organization"}}]},"og:locale":"de_DE","og:site_name":"Prenzlberger Stimme","og:type":"article","og:title":"&quot;Machen Sie Dampf!&quot; - Kurt Krieger verlangt Denkmal-Schleifung | Prenzlberger Stimme","og:url":"https:\/\/prenzlberger-stimme.net\/?p=128885","fb:app_id":"255323154562210","fb:admins":"142414469105895","og:image":"https:\/\/prenzlberger-stimme.net\/wp-content\/uploads\/2024\/01\/standard.jpg","og:image:secure_url":"https:\/\/prenzlberger-stimme.net\/wp-content\/uploads\/2024\/01\/standard.jpg","og:image:width":353,"og:image:height":237,"article:published_time":"2019-10-31T18:57:35+00:00","article:modified_time":"2021-02-04T13:00:44+00:00","article:publisher":"https:\/\/www.facebook.com\/prenzlstimme\/","twitter:card":"summary_large_image","twitter:site":"@PrenzlStimme","twitter:title":"&quot;Machen Sie Dampf!&quot; - Kurt Krieger verlangt Denkmal-Schleifung | Prenzlberger Stimme","twitter:creator":"@PrenzlStimme","twitter:image":"https:\/\/prenzlberger-stimme.net\/wp-content\/uploads\/2024\/01\/standard.jpg"},"aioseo_meta_data":{"post_id":"128885","title":"&quot;Machen Sie Dampf!&quot; - Kurt Krieger verlangt Denkmal-Schleifung | #site_title","description":null,"keywords":[{"label":"pankow,pankower tor,shopping mall,einkaufszentrum,kurt krieger,Bezirksverordnetenversammlung,Wolfram Kempe,Johannes Kraft,Cordelia Koch,Wolfram Kempe","value":"pankow,pankower tor,shopping mall,einkaufszentrum,kurt krieger,Bezirksverordnetenversammlung,Wolfram Kempe,Johannes Kraft,Cordelia Koch,Wolfram Kempe"},{"label":"schule,lokschuppen,top","value":"schule,lokschuppen,top"}],"keyphrases":null,"primary_term":null,"canonical_url":null,"og_title":"","og_description":"","og_object_type":"article","og_image_type":"default","og_image_url":null,"og_image_width":null,"og_image_height":null,"og_image_custom_url":null,"og_image_custom_fields":null,"og_video":"","og_custom_url":null,"og_article_section":"","og_article_tags":"","twitter_use_og":false,"twitter_card":"summary_large_image","twitter_image_type":"default","twitter_image_url":null,"twitter_image_custom_url":null,"twitter_image_custom_fields":null,"twitter_title":null,"twitter_description":null,"schema":{"blockGraphs":[],"customGraphs":[],"default":{"data":{"Article":[],"Course":[],"Dataset":[],"FAQPage":[],"Movie":[],"Person":[],"Product":[],"ProductReview":[],"Car":[],"Recipe":[],"Service":[],"SoftwareApplication":[],"WebPage":[]},"graphName":"Article","isEnabled":true},"graphs":[]},"schema_type":null,"schema_type_options":null,"pillar_content":false,"robots_default":true,"robots_noindex":false,"robots_noarchive":false,"robots_nosnippet":false,"robots_nofollow":false,"robots_noimageindex":false,"robots_noodp":false,"robots_notranslate":false,"robots_max_snippet":null,"robots_max_videopreview":null,"robots_max_imagepreview":"large","priority":null,"frequency":null,"local_seo":null,"breadcrumb_settings":null,"limit_modified_date":false,"ai":null,"created":"2021-01-11 23:28:07","updated":"2025-09-24 23:41:26","seo_analyzer_scan_date":null,"focus_keyword":null,"truseo":null,"additional_keywords":null,"truseo_locale":null},"_links":{"self":[{"href":"https:\/\/prenzlberger-stimme.net\/index.php?rest_route=\/wp\/v2\/posts\/128885","targetHints":{"allow":["GET"]}}],"collection":[{"href":"https:\/\/prenzlberger-stimme.net\/index.php?rest_route=\/wp\/v2\/posts"}],"about":[{"href":"https:\/\/prenzlberger-stimme.net\/index.php?rest_route=\/wp\/v2\/types\/post"}],"author":[{"embeddable":true,"href":"https:\/\/prenzlberger-stimme.net\/index.php?rest_route=\/wp\/v2\/users\/1"}],"replies":[{"embeddable":true,"href":"https:\/\/prenzlberger-stimme.net\/index.php?rest_route=%2Fwp%2Fv2%2Fcomments&post=128885"}],"version-history":[{"count":0,"href":"https:\/\/prenzlberger-stimme.net\/index.php?rest_route=\/wp\/v2\/posts\/128885\/revisions"}],"wp:featuredmedia":[{"embeddable":true,"href":"https:\/\/prenzlberger-stimme.net\/index.php?rest_route=\/wp\/v2\/media\/128886"}],"wp:attachment":[{"href":"https:\/\/prenzlberger-stimme.net\/index.php?rest_route=%2Fwp%2Fv2%2Fmedia&parent=128885"}],"wp:term":[{"taxonomy":"category","embeddable":true,"href":"https:\/\/prenzlberger-stimme.net\/index.php?rest_route=%2Fwp%2Fv2%2Fcategories&post=128885"},{"taxonomy":"post_tag","embeddable":true,"href":"https:\/\/prenzlberger-stimme.net\/index.php?rest_route=%2Fwp%2Fv2%2Ftags&post=128885"}],"curies":[{"name":"wp","href":"https:\/\/api.w.org\/{rel}","templated":true}]}}